{"id":27339,"date":"2021-09-27T10:22:09","date_gmt":"2021-09-27T08:22:09","guid":{"rendered":"https:\/\/www.mykoplan.ch\/?p=27339"},"modified":"2024-08-09T09:59:32","modified_gmt":"2024-08-09T07:59:32","slug":"lancement-de-relaxsupport-mp90","status":"publish","type":"post","link":"https:\/\/myko.webdesign-projekte.ch\/fr\/lancement-de-relaxsupport-mp90\/","title":{"rendered":"Lancement de RelaxSupport MP90"},"content":{"rendered":"\n<p class=\"has-text-align-center\"><strong><em>Disponible chez Mykoplan\u00ae \u00e0 partir du 1er octobre 2021.<\/em><\/strong><\/p>\n\n\n<div class=\"wp-block-image\">\n<figure class=\"alignright size-full\"><img loading=\"lazy\" decoding=\"async\" width=\"448\" height=\"377\" src=\"https:\/\/www.mykoplan.ch\/wp-content\/uploads\/2021\/09\/RelaxSupport-MP90-e1632730757503.jpg\" alt=\"\" class=\"wp-image-10200\"\/><\/figure>\n<\/div>\n\n\n<p><strong>Nous sommes extr\u00eamement heureux de vous annoncer aujourd\u2019hui le d\u00e9veloppement de notre dernier produit de la ligne sp\u00e9ciale MP90. Avec <a href=\"https:\/\/www.mykoplan.ch\/fr\/shop\/ligne-mp\/relaxsupport-mp90\/\" data-type=\"product\" data-id=\"26655\" rel=\"noopener\">RelaxSupport MP90<\/a>, nous \u00e9largissons notre gamme avec un produit mixte sp\u00e9cial qui vous aidera \u00e0 traiter l\u2019un des sujets les plus importants de notre \u00e9poque : la gestion du stress et les probl\u00e8mes de sommeil.<\/strong><\/p>\n\n\n\n<p>RelaxSupport MP90 est destin\u00e9 \u00e0 la gestion g\u00e9n\u00e9rale du stress, \u00e0 l\u2019am\u00e9lioration du sommeil et \u00e0 la ma\u00eetrise du stress. Il augmente la r\u00e9sistance psychique et la concentration mentale et a un effet positif sur les \u00e9tats \u00e9motionnels.<\/p>\n\n\n\n<p><a href=\"https:\/\/www.mykoplan.ch\/fr\/shop\/ligne-mp\/relaxsupport-mp90\/\" data-type=\"product\" data-id=\"26655\" rel=\"noopener\">RelaxSupport MP90<\/a> est un rem\u00e8de innovant contenant les mati\u00e8res premi\u00e8res suivantes : Ganoderma lucidum bio, Hericium erinaceus bio, Auricularia auricula bio et Lactium\u00ae. Celles-ci ont \u00e9t\u00e9 soigneusement adapt\u00e9es les unes aux autres en tenant compte d\u2019un effet de synergie optimal. Gr\u00e2ce \u00e0 un proc\u00e9d\u00e9 de fabrication brevet\u00e9, nous atteignons en outre une biodisponibilit\u00e9 tr\u00e8s \u00e9lev\u00e9e. Cela fait de notre produit l\u2019un des rem\u00e8des naturels les plus innovants au monde.<\/p>\n\n\n\n<p>Afin d\u2019obtenir un effet anti-stress significatif dans les situations de stress accru, les champignons vitaux bio Ganoderma, Hericium et Auricularia sont trait\u00e9s avec une prot\u00e9ine hydrolys\u00e9e sp\u00e9ciale (Lactium\u00ae). Gr\u00e2ce \u00e0 ce m\u00e9lange unique, RelaxSupport MP90 peut r\u00e9guler sensiblement le syst\u00e8me neurov\u00e9g\u00e9tatif-\u00e9motionnel. Vous b\u00e9n\u00e9ficiez ainsi d\u2019une relaxation et d\u2019une r\u00e9gulation \u00e9motionnelle bienfaisantes.<\/p>\n\n\n\n<p><strong>R\u00e9sultat :<\/strong> biodisponibilit\u00e9 tr\u00e8s \u00e9lev\u00e9e, test\u00e9e cliniquement, de ces champignons vitaux et de prot\u00e9ines hydrolys\u00e9es (Lactium\u00ae), qui sont rapidement absorb\u00e9s par le corps et qui, selon des \u00e9tudes scientifiques, agissent clairement sur le syst\u00e8me neurov\u00e9g\u00e9tatif-\u00e9motionnel.<\/p>\n\n\n\n<p><strong>Effet :<\/strong> r\u00e9gulation et soutien de l\u2019ensemble de l\u2019organisme pour la gestion du stress et l\u2019am\u00e9lioration de la qualit\u00e9 du sommeil pendant les p\u00e9riodes de forte activit\u00e9, ainsi que pour l\u2019\u00e9quilibrage en cas d\u2019agitation int\u00e9rieure, de nervosit\u00e9 et de manque de concentration.<\/p>\n","protected":false},"excerpt":{"rendered":"<p>Disponible chez Mykoplan\u00ae \u00e0 partir du 1er octobre 2021. Nous sommes extr\u00eamement heureux de vous annoncer aujourd\u2019hui le d\u00e9veloppement de notre dernier produit de la ligne sp\u00e9ciale MP90. Avec RelaxSupport MP90, nous \u00e9largissons notre gamme avec un produit mixte sp\u00e9cial qui vous aidera \u00e0 traiter l\u2019un des sujets les plus importants de notre \u00e9poque : &#8230; <a title=\"Lancement de RelaxSupport MP90\" class=\"read-more\" href=\"https:\/\/myko.webdesign-projekte.ch\/fr\/lancement-de-relaxsupport-mp90\/\" aria-label=\"En savoir plus sur Lancement de RelaxSupport MP90\">Lire la suite<\/a><\/p>\n","protected":false},"author":3,"featured_media":26203,"comment_status":"closed","ping_status":"open","sticky":false,"template":"","format":"standard","meta":{"_coblocks_attr":"","_coblocks_dimensions":"","_coblocks_responsive_height":"","_coblocks_accordion_ie_support":"","mc4wp_mailchimp_campaign":[],"footnotes":""},"categories":[66],"tags":[],"class_list":["post-27339","post","type-post","status-publish","format-standard","has-post-thumbnail","hentry","category-actualites-mykoplan","masonry-post","generate-columns","tablet-grid-50","mobile-grid-100","grid-parent","grid-50"],"_links":{"self":[{"href":"https:\/\/myko.webdesign-projekte.ch\/fr\/wp-json\/wp\/v2\/posts\/27339","targetHints":{"allow":["GET"]}}],"collection":[{"href":"https:\/\/myko.webdesign-projekte.ch\/fr\/wp-json\/wp\/v2\/posts"}],"about":[{"href":"https:\/\/myko.webdesign-projekte.ch\/fr\/wp-json\/wp\/v2\/types\/post"}],"author":[{"embeddable":true,"href":"https:\/\/myko.webdesign-projekte.ch\/fr\/wp-json\/wp\/v2\/users\/3"}],"replies":[{"embeddable":true,"href":"https:\/\/myko.webdesign-projekte.ch\/fr\/wp-json\/wp\/v2\/comments?post=27339"}],"version-history":[{"count":1,"href":"https:\/\/myko.webdesign-projekte.ch\/fr\/wp-json\/wp\/v2\/posts\/27339\/revisions"}],"predecessor-version":[{"id":27340,"href":"https:\/\/myko.webdesign-projekte.ch\/fr\/wp-json\/wp\/v2\/posts\/27339\/revisions\/27340"}],"wp:featuredmedia":[{"embeddable":true,"href":"https:\/\/myko.webdesign-projekte.ch\/fr\/wp-json\/wp\/v2\/media\/26203"}],"wp:attachment":[{"href":"https:\/\/myko.webdesign-projekte.ch\/fr\/wp-json\/wp\/v2\/media?parent=27339"}],"wp:term":[{"taxonomy":"category","embeddable":true,"href":"https:\/\/myko.webdesign-projekte.ch\/fr\/wp-json\/wp\/v2\/categories?post=27339"},{"taxonomy":"post_tag","embeddable":true,"href":"https:\/\/myko.webdesign-projekte.ch\/fr\/wp-json\/wp\/v2\/tags?post=27339"}],"curies":[{"name":"wp","href":"https:\/\/api.w.org\/{rel}","templated":true}]}}