{"id":27328,"date":"2024-01-11T14:31:56","date_gmt":"2024-01-11T13:31:56","guid":{"rendered":"https:\/\/www.mykoplan.ch\/?p=27328"},"modified":"2024-08-09T09:59:32","modified_gmt":"2024-08-09T07:59:32","slug":"le-monde-magique-des-champignons-vitaux-interview-speciale-de-thomas-falzone","status":"publish","type":"post","link":"https:\/\/myko.webdesign-projekte.ch\/fr\/le-monde-magique-des-champignons-vitaux-interview-speciale-de-thomas-falzone\/","title":{"rendered":"Le monde magique des champignons vitaux &#8211; interview sp\u00e9ciale de Thomas Falzone"},"content":{"rendered":"\n<p>J\u2019ai \u00e9t\u00e9 invit\u00e9 par Romina Scalco \u00e0 participer au <a href=\"https:\/\/rominascalco.ch\/die-magische-welt-der-vitalpilze-interviewspecial-mit-thomas-falzone\/\" target=\"_blank\" rel=\"noreferrer noopener\">podcast \u00abLe projet endom\u00e9triose\u00bb<\/a>, dans lequel nous nous sommes profond\u00e9ment immerg\u00e9s dans le th\u00e8me \u00abLe monde magique des champignons vitaux\u00bb.<\/p>\n\n\n\n<p>Dans cette interview, je parle en d\u00e9tail de mon enthousiasme et de mon expertise sur les champignons vitaux, un monde plein de merveilles et de potentiels inexplor\u00e9s. Nous avons discut\u00e9 de diff\u00e9rents aspects tels que :<\/p>\n\n\n\n<ul class=\"wp-block-list\">\n<li>L\u2019importance et la diversit\u00e9 de ces champignons vitaux.<\/li>\n\n\n\n<li>Comment ces champignons vitaux peuvent influencer notre sant\u00e9 et notre bien-\u00eatre.<\/li>\n\n\n\n<li>Les exp\u00e9riences personnelles et les connaissances que j\u2019ai acquises en travaillant avec ces organismes fascinants.<\/li>\n<\/ul>\n\n\n\n<p>La conversation n\u2019\u00e9tait pas seulement informative, mais aussi tr\u00e8s inspirante, car elle met en lumi\u00e8re le lien plus profond entre la nature et la sant\u00e9 humaine.<\/p>\n\n\n\n<figure class=\"wp-block-embed alignwide is-type-video is-provider-youtube wp-block-embed-youtube wp-embed-aspect-16-9 wp-has-aspect-ratio\"><div class=\"wp-block-embed__wrapper\">\n<iframe loading=\"lazy\" title=\"Folge 102 Die magische Welt der Vitalpilze - Interviewspecial mit Thomas Falzone\" width=\"1200\" height=\"675\" src=\"https:\/\/www.youtube.com\/embed\/MDwkupSHzDc?feature=oembed\" frameborder=\"0\" allow=\"accelerometer; autoplay; clipboard-write; encrypted-media; gyroscope; picture-in-picture; web-share\" referrerpolicy=\"strict-origin-when-cross-origin\" allowfullscreen><\/iframe>\n<\/div><\/figure>\n","protected":false},"excerpt":{"rendered":"<p>J\u2019ai \u00e9t\u00e9 invit\u00e9 par Romina Scalco \u00e0 participer au podcast \u00abLe projet endom\u00e9triose\u00bb, dans lequel nous nous sommes profond\u00e9ment immerg\u00e9s dans le th\u00e8me \u00abLe monde magique des champignons vitaux\u00bb. Dans cette interview, je parle en d\u00e9tail de mon enthousiasme et de mon expertise sur les champignons vitaux, un monde plein de merveilles et de potentiels &#8230; <a title=\"Le monde magique des champignons vitaux &#8211; interview sp\u00e9ciale de Thomas Falzone\" class=\"read-more\" href=\"https:\/\/myko.webdesign-projekte.ch\/fr\/le-monde-magique-des-champignons-vitaux-interview-speciale-de-thomas-falzone\/\" aria-label=\"En savoir plus sur Le monde magique des champignons vitaux &#8211; interview sp\u00e9ciale de Thomas Falzone\">Lire la suite<\/a><\/p>\n","protected":false},"author":3,"featured_media":0,"comment_status":"closed","ping_status":"open","sticky":false,"template":"","format":"standard","meta":{"_coblocks_attr":"","_coblocks_dimensions":"","_coblocks_responsive_height":"","_coblocks_accordion_ie_support":"","mc4wp_mailchimp_campaign":[],"footnotes":""},"categories":[66],"tags":[],"class_list":["post-27328","post","type-post","status-publish","format-standard","hentry","category-actualites-mykoplan","masonry-post","generate-columns","tablet-grid-50","mobile-grid-100","grid-parent","grid-50"],"_links":{"self":[{"href":"https:\/\/myko.webdesign-projekte.ch\/fr\/wp-json\/wp\/v2\/posts\/27328","targetHints":{"allow":["GET"]}}],"collection":[{"href":"https:\/\/myko.webdesign-projekte.ch\/fr\/wp-json\/wp\/v2\/posts"}],"about":[{"href":"https:\/\/myko.webdesign-projekte.ch\/fr\/wp-json\/wp\/v2\/types\/post"}],"author":[{"embeddable":true,"href":"https:\/\/myko.webdesign-projekte.ch\/fr\/wp-json\/wp\/v2\/users\/3"}],"replies":[{"embeddable":true,"href":"https:\/\/myko.webdesign-projekte.ch\/fr\/wp-json\/wp\/v2\/comments?post=27328"}],"version-history":[{"count":1,"href":"https:\/\/myko.webdesign-projekte.ch\/fr\/wp-json\/wp\/v2\/posts\/27328\/revisions"}],"predecessor-version":[{"id":27329,"href":"https:\/\/myko.webdesign-projekte.ch\/fr\/wp-json\/wp\/v2\/posts\/27328\/revisions\/27329"}],"wp:attachment":[{"href":"https:\/\/myko.webdesign-projekte.ch\/fr\/wp-json\/wp\/v2\/media?parent=27328"}],"wp:term":[{"taxonomy":"category","embeddable":true,"href":"https:\/\/myko.webdesign-projekte.ch\/fr\/wp-json\/wp\/v2\/categories?post=27328"},{"taxonomy":"post_tag","embeddable":true,"href":"https:\/\/myko.webdesign-projekte.ch\/fr\/wp-json\/wp\/v2\/tags?post=27328"}],"curies":[{"name":"wp","href":"https:\/\/api.w.org\/{rel}","templated":true}]}}