{"id":26976,"date":"2025-04-03T11:57:00","date_gmt":"2025-04-03T09:57:00","guid":{"rendered":"https:\/\/www.mykoplan.ch\/?p=26976"},"modified":"2025-04-14T12:35:51","modified_gmt":"2025-04-14T10:35:51","slug":"echange-entre-experts-en-champignons-vitaux-nouveau-mise-a-jour-sur-la-mycotherapie","status":"publish","type":"post","link":"https:\/\/myko.webdesign-projekte.ch\/fr\/echange-entre-experts-en-champignons-vitaux-nouveau-mise-a-jour-sur-la-mycotherapie\/","title":{"rendered":"\u00c9change entre experts en champignons vitaux &#8211; Nouveau : Mise \u00e0 jour sur la mycoth\u00e9rapie"},"content":{"rendered":"\n<p>Mykoplan\u00ae organise en exclusivit\u00e9 pour vous, en tant que professionnel, un \u00e9change entre experts sur des th\u00e8mes actuels de la mycoth\u00e9rapie et sur les pr\u00e9parations \u00e0 base de champignons vitaux. Des aper\u00e7us passionnants et de nouvelles connaissances d\u2019experts \u00e0 experts vous attendent. Nous vous invitons \u00e0 participer \u00e0 ce webinaire en ligne et nous nous r\u00e9jouissons d\u2019ores et d\u00e9j\u00e0 de vous y rencontrer.<\/p>\n\n\n\n<p><strong>Th\u00e8me de la premi\u00e8re mise \u00e0 jour sur la mycoth\u00e9rapie<\/strong><\/p>\n\n\n\n<ul class=\"wp-block-list\">\n<li>Utilisation et applications des produits sp\u00e9ciaux Cordyceps MP90, ImmuneSupport MP90, RelaxSupport MP90, BrainSupport MP90 et GanoProtect liposomal MP90.<\/li>\n\n\n\n<li>Possibilit\u00e9s d\u2019utilisation et d\u2019application des produits sp\u00e9ciaux Mykopet Care+ Cat, Dog et Horse<\/li>\n\n\n\n<li>\u00c9change entre experts : vos exp\u00e9riences, vos questions et vos r\u00e9actions sur la mycoth\u00e9rapie.<\/li>\n<\/ul>\n\n\n\n<figure class=\"wp-block-embed alignwide is-type-video is-provider-youtube wp-block-embed-youtube wp-embed-aspect-4-3 wp-has-aspect-ratio\"><div class=\"wp-block-embed__wrapper\">\n<iframe loading=\"lazy\" title=\"Mykotherapie Update f\u00fcr Fachpersonen (3. April 2025)\" width=\"1200\" height=\"900\" src=\"https:\/\/www.youtube.com\/embed\/hhI_tw2X5FA?feature=oembed\" frameborder=\"0\" allow=\"accelerometer; autoplay; clipboard-write; encrypted-media; gyroscope; picture-in-picture; web-share\" referrerpolicy=\"strict-origin-when-cross-origin\" allowfullscreen><\/iframe>\n<\/div><\/figure>\n\n\n\n<div style=\"height:30px\" aria-hidden=\"true\" class=\"wp-block-spacer\"><\/div>\n\n\n\n<p>Pr\u00e9sent\u00e9 par : Thomas Falzone, naturopathe (MTC) dipl\u00f4m\u00e9 et expert en mycoth\u00e9rapie, et<br>Petra Scharl, naturopathe v\u00e9t\u00e9rinaire dipl\u00f4m\u00e9e et experte en mycologie<\/p>\n","protected":false},"excerpt":{"rendered":"<p>Mykoplan\u00ae organise en exclusivit\u00e9 pour vous, en tant que professionnel, un \u00e9change entre experts sur des th\u00e8mes actuels de la mycoth\u00e9rapie et sur les pr\u00e9parations \u00e0 base de champignons vitaux. Des aper\u00e7us passionnants et de nouvelles connaissances d\u2019experts \u00e0 experts vous attendent. Nous vous invitons \u00e0 participer \u00e0 ce webinaire en ligne et nous nous &#8230; <a title=\"\u00c9change entre experts en champignons vitaux &#8211; Nouveau : Mise \u00e0 jour sur la mycoth\u00e9rapie\" class=\"read-more\" href=\"https:\/\/myko.webdesign-projekte.ch\/fr\/echange-entre-experts-en-champignons-vitaux-nouveau-mise-a-jour-sur-la-mycotherapie\/\" aria-label=\"En savoir plus sur \u00c9change entre experts en champignons vitaux &#8211; Nouveau : Mise \u00e0 jour sur la mycoth\u00e9rapie\">Lire la suite<\/a><\/p>\n","protected":false},"author":3,"featured_media":0,"comment_status":"closed","ping_status":"open","sticky":false,"template":"","format":"standard","meta":{"_coblocks_attr":"","_coblocks_dimensions":"","_coblocks_responsive_height":"","_coblocks_accordion_ie_support":"","mc4wp_mailchimp_campaign":[],"footnotes":""},"categories":[66],"tags":[],"class_list":["post-26976","post","type-post","status-publish","format-standard","hentry","category-actualites-mykoplan","masonry-post","generate-columns","tablet-grid-50","mobile-grid-100","grid-parent","grid-50"],"_links":{"self":[{"href":"https:\/\/myko.webdesign-projekte.ch\/fr\/wp-json\/wp\/v2\/posts\/26976","targetHints":{"allow":["GET"]}}],"collection":[{"href":"https:\/\/myko.webdesign-projekte.ch\/fr\/wp-json\/wp\/v2\/posts"}],"about":[{"href":"https:\/\/myko.webdesign-projekte.ch\/fr\/wp-json\/wp\/v2\/types\/post"}],"author":[{"embeddable":true,"href":"https:\/\/myko.webdesign-projekte.ch\/fr\/wp-json\/wp\/v2\/users\/3"}],"replies":[{"embeddable":true,"href":"https:\/\/myko.webdesign-projekte.ch\/fr\/wp-json\/wp\/v2\/comments?post=26976"}],"version-history":[{"count":3,"href":"https:\/\/myko.webdesign-projekte.ch\/fr\/wp-json\/wp\/v2\/posts\/26976\/revisions"}],"predecessor-version":[{"id":32647,"href":"https:\/\/myko.webdesign-projekte.ch\/fr\/wp-json\/wp\/v2\/posts\/26976\/revisions\/32647"}],"wp:attachment":[{"href":"https:\/\/myko.webdesign-projekte.ch\/fr\/wp-json\/wp\/v2\/media?parent=26976"}],"wp:term":[{"taxonomy":"category","embeddable":true,"href":"https:\/\/myko.webdesign-projekte.ch\/fr\/wp-json\/wp\/v2\/categories?post=26976"},{"taxonomy":"post_tag","embeddable":true,"href":"https:\/\/myko.webdesign-projekte.ch\/fr\/wp-json\/wp\/v2\/tags?post=26976"}],"curies":[{"name":"wp","href":"https:\/\/api.w.org\/{rel}","templated":true}]}}